{"id":8770,"date":"2024-10-30T11:13:03","date_gmt":"2024-10-30T10:13:03","guid":{"rendered":"https:\/\/www.spieringscranes.com\/?p=8770"},"modified":"2026-04-07T14:28:19","modified_gmt":"2026-04-07T12:28:19","slug":"kuiphuis-crane-rental-franchit-une-nouvelle-etape-pour-rendre-son-parc-de-grues-plus-durable","status":"publish","type":"post","link":"https:\/\/www.spieringscranes.com\/fr\/news\/kuiphuis-crane-rental-franchit-une-nouvelle-etape-pour-rendre-son-parc-de-grues-plus-durable\/","title":{"rendered":"Kuiphuis Crane Rental franchit une nouvelle \u00e9tape pour rendre son parc de grues plus durable"},"content":{"rendered":"","protected":false},"excerpt":{"rendered":"","protected":false},"author":6,"featured_media":6337,"comment_status":"closed","ping_status":"open","sticky":false,"template":"","format":"standard","meta":{"_acf_changed":false,"inline_featured_image":false,"footnotes":""},"categories":[51],"custom_tags":[110],"class_list":["post-8770","post","type-post","status-publish","format-standard","has-post-thumbnail","hentry","category-non-categorise","custom_tags-nieuws"],"acf":[],"yoast_head":"<title>Kuiphuis Crane Rental franchit une nouvelle \u00e9tape pour rendre son parc de grues plus durable - Spierings Mobile Cranes<\/title>\n<meta name=\"description\" content=\"Kuiphuis Crane Rental franchit une nouvelle \u00e9tape vers un parc de grues plus durable avec la livraison de sa troisi\u00e8me SK2400-R eLift.\" \/>\n<meta name=\"robots\" content=\"index, follow, max-snippet:-1, max-image-preview:large, max-video-preview:-1\" \/>\n<link rel=\"canonical\" href=\"https:\/\/www.spieringscranes.com\/fr\/news\/kuiphuis-crane-rental-franchit-une-nouvelle-etape-pour-rendre-son-parc-de-grues-plus-durable\/\" \/>\n<meta property=\"og:locale\" content=\"fr_FR\" \/>\n<meta property=\"og:type\" content=\"article\" \/>\n<meta property=\"og:title\" content=\"Kuiphuis Crane Rental franchit une nouvelle \u00e9tape pour rendre son parc de grues plus durable - Spierings Mobile Cranes\" \/>\n<meta property=\"og:description\" content=\"Kuiphuis Crane Rental franchit une nouvelle \u00e9tape vers un parc de grues plus durable avec la livraison de sa troisi\u00e8me SK2400-R eLift.\" \/>\n<meta property=\"og:url\" content=\"https:\/\/www.spieringscranes.com\/fr\/news\/kuiphuis-crane-rental-franchit-une-nouvelle-etape-pour-rendre-son-parc-de-grues-plus-durable\/\" \/>\n<meta property=\"og:site_name\" content=\"Spierings Mobile Cranes\" \/>\n<meta property=\"article:published_time\" content=\"2024-10-30T10:13:03+00:00\" \/>\n<meta property=\"article:modified_time\" content=\"2026-04-07T12:28:19+00:00\" \/>\n<meta property=\"og:image\" content=\"https:\/\/www.spieringscranes.com\/wp-content\/uploads\/kuiphuis-spierings.jpg\" \/>\n\t<meta property=\"og:image:width\" content=\"1024\" \/>\n\t<meta property=\"og:image:height\" content=\"878\" \/>\n\t<meta property=\"og:image:type\" content=\"image\/jpeg\" \/>\n<meta name=\"author\" content=\"Lara Kasbergen\" \/>\n<meta name=\"twitter:card\" content=\"summary_large_image\" \/>\n<meta name=\"twitter:label1\" content=\"\u00c9crit par\" \/>\n\t<meta name=\"twitter:data1\" content=\"Lara Kasbergen\" \/>\n\t<meta name=\"twitter:label2\" content=\"Dur\u00e9e de lecture estim\u00e9e\" \/>\n\t<meta name=\"twitter:data2\" content=\"3 minutes\" \/>\n<script type=\"application\/ld+json\" class=\"yoast-schema-graph\">{\"@context\":\"https:\/\/schema.org\",\"@graph\":[{\"@type\":\"Article\",\"@id\":\"https:\/\/www.spieringscranes.com\/fr\/news\/kuiphuis-crane-rental-franchit-une-nouvelle-etape-pour-rendre-son-parc-de-grues-plus-durable\/#article\",\"isPartOf\":{\"@id\":\"https:\/\/www.spieringscranes.com\/fr\/news\/kuiphuis-crane-rental-franchit-une-nouvelle-etape-pour-rendre-son-parc-de-grues-plus-durable\/\"},\"author\":{\"name\":\"Lara Kasbergen\",\"@id\":\"https:\/\/www.spieringscranes.com\/fr\/#\/schema\/person\/ab63f28c07cc6e107d9a9250acf62114\"},\"headline\":\"Kuiphuis Crane Rental franchit une nouvelle \u00e9tape pour rendre son parc de grues plus durable\",\"datePublished\":\"2024-10-30T10:13:03+00:00\",\"dateModified\":\"2026-04-07T12:28:19+00:00\",\"mainEntityOfPage\":{\"@id\":\"https:\/\/www.spieringscranes.com\/fr\/news\/kuiphuis-crane-rental-franchit-une-nouvelle-etape-pour-rendre-son-parc-de-grues-plus-durable\/\"},\"wordCount\":15,\"image\":{\"@id\":\"https:\/\/www.spieringscranes.com\/fr\/news\/kuiphuis-crane-rental-franchit-une-nouvelle-etape-pour-rendre-son-parc-de-grues-plus-durable\/#primaryimage\"},\"thumbnailUrl\":\"https:\/\/www.spieringscranes.com\/wp-content\/uploads\/kuiphuis-spierings.jpg\",\"articleSection\":[\"Non cat\u00e9goris\u00e9\"],\"inLanguage\":\"fr-FR\"},{\"@type\":\"WebPage\",\"@id\":\"https:\/\/www.spieringscranes.com\/fr\/news\/kuiphuis-crane-rental-franchit-une-nouvelle-etape-pour-rendre-son-parc-de-grues-plus-durable\/\",\"url\":\"https:\/\/www.spieringscranes.com\/fr\/news\/kuiphuis-crane-rental-franchit-une-nouvelle-etape-pour-rendre-son-parc-de-grues-plus-durable\/\",\"name\":\"Kuiphuis Crane Rental franchit une nouvelle \u00e9tape pour rendre son parc de grues plus durable - Spierings Mobile Cranes\",\"isPartOf\":{\"@id\":\"https:\/\/www.spieringscranes.com\/fr\/#website\"},\"primaryImageOfPage\":{\"@id\":\"https:\/\/www.spieringscranes.com\/fr\/news\/kuiphuis-crane-rental-franchit-une-nouvelle-etape-pour-rendre-son-parc-de-grues-plus-durable\/#primaryimage\"},\"image\":{\"@id\":\"https:\/\/www.spieringscranes.com\/fr\/news\/kuiphuis-crane-rental-franchit-une-nouvelle-etape-pour-rendre-son-parc-de-grues-plus-durable\/#primaryimage\"},\"thumbnailUrl\":\"https:\/\/www.spieringscranes.com\/wp-content\/uploads\/kuiphuis-spierings.jpg\",\"datePublished\":\"2024-10-30T10:13:03+00:00\",\"dateModified\":\"2026-04-07T12:28:19+00:00\",\"author\":{\"@id\":\"https:\/\/www.spieringscranes.com\/fr\/#\/schema\/person\/ab63f28c07cc6e107d9a9250acf62114\"},\"description\":\"Kuiphuis Crane Rental franchit une nouvelle \u00e9tape vers un parc de grues plus durable avec la livraison de sa troisi\u00e8me SK2400-R eLift.\",\"breadcrumb\":{\"@id\":\"https:\/\/www.spieringscranes.com\/fr\/news\/kuiphuis-crane-rental-franchit-une-nouvelle-etape-pour-rendre-son-parc-de-grues-plus-durable\/#breadcrumb\"},\"inLanguage\":\"fr-FR\",\"potentialAction\":[{\"@type\":\"ReadAction\",\"target\":[\"https:\/\/www.spieringscranes.com\/fr\/news\/kuiphuis-crane-rental-franchit-une-nouvelle-etape-pour-rendre-son-parc-de-grues-plus-durable\/\"]}]},{\"@type\":\"ImageObject\",\"inLanguage\":\"fr-FR\",\"@id\":\"https:\/\/www.spieringscranes.com\/fr\/news\/kuiphuis-crane-rental-franchit-une-nouvelle-etape-pour-rendre-son-parc-de-grues-plus-durable\/#primaryimage\",\"url\":\"https:\/\/www.spieringscranes.com\/wp-content\/uploads\/kuiphuis-spierings.jpg\",\"contentUrl\":\"https:\/\/www.spieringscranes.com\/wp-content\/uploads\/kuiphuis-spierings.jpg\",\"width\":1024,\"height\":878,\"caption\":\"Kuiphuis Crane Rental franchit une nouvelle \u00e9tape pour rendre son parc de grues plus durable\"},{\"@type\":\"BreadcrumbList\",\"@id\":\"https:\/\/www.spieringscranes.com\/fr\/news\/kuiphuis-crane-rental-franchit-une-nouvelle-etape-pour-rendre-son-parc-de-grues-plus-durable\/#breadcrumb\",\"itemListElement\":[{\"@type\":\"ListItem\",\"position\":1,\"name\":\"Home\",\"item\":\"https:\/\/www.spieringscranes.com\/fr\/\"},{\"@type\":\"ListItem\",\"position\":2,\"name\":\"Kuiphuis Crane Rental franchit une nouvelle \u00e9tape pour rendre son parc de grues plus durable\"}]},{\"@type\":\"WebSite\",\"@id\":\"https:\/\/www.spieringscranes.com\/fr\/#website\",\"url\":\"https:\/\/www.spieringscranes.com\/fr\/\",\"name\":\"Spierings Mobile Cranes\",\"description\":\"Lift to the Max.\",\"inLanguage\":\"fr-FR\"},{\"@type\":\"Person\",\"@id\":\"https:\/\/www.spieringscranes.com\/fr\/#\/schema\/person\/ab63f28c07cc6e107d9a9250acf62114\",\"name\":\"Lara Kasbergen\"}]}<\/script>","yoast_head_json":{"title":"Kuiphuis Crane Rental franchit une nouvelle \u00e9tape pour rendre son parc de grues plus durable - Spierings Mobile Cranes","description":"Kuiphuis Crane Rental franchit une nouvelle \u00e9tape vers un parc de grues plus durable avec la livraison de sa troisi\u00e8me SK2400-R eLift.","robots":{"index":"index","follow":"follow","max-snippet":"max-snippet:-1","max-image-preview":"max-image-preview:large","max-video-preview":"max-video-preview:-1"},"canonical":"https:\/\/www.spieringscranes.com\/fr\/news\/kuiphuis-crane-rental-franchit-une-nouvelle-etape-pour-rendre-son-parc-de-grues-plus-durable\/","og_locale":"fr_FR","og_type":"article","og_title":"Kuiphuis Crane Rental franchit une nouvelle \u00e9tape pour rendre son parc de grues plus durable - Spierings Mobile Cranes","og_description":"Kuiphuis Crane Rental franchit une nouvelle \u00e9tape vers un parc de grues plus durable avec la livraison de sa troisi\u00e8me SK2400-R eLift.","og_url":"https:\/\/www.spieringscranes.com\/fr\/news\/kuiphuis-crane-rental-franchit-une-nouvelle-etape-pour-rendre-son-parc-de-grues-plus-durable\/","og_site_name":"Spierings Mobile Cranes","article_published_time":"2024-10-30T10:13:03+00:00","article_modified_time":"2026-04-07T12:28:19+00:00","og_image":[{"width":1024,"height":878,"url":"https:\/\/www.spieringscranes.com\/wp-content\/uploads\/kuiphuis-spierings.jpg","type":"image\/jpeg"}],"author":"Lara Kasbergen","twitter_card":"summary_large_image","twitter_misc":{"\u00c9crit par":"Lara Kasbergen","Dur\u00e9e de lecture estim\u00e9e":"3 minutes"},"schema":{"@context":"https:\/\/schema.org","@graph":[{"@type":"Article","@id":"https:\/\/www.spieringscranes.com\/fr\/news\/kuiphuis-crane-rental-franchit-une-nouvelle-etape-pour-rendre-son-parc-de-grues-plus-durable\/#article","isPartOf":{"@id":"https:\/\/www.spieringscranes.com\/fr\/news\/kuiphuis-crane-rental-franchit-une-nouvelle-etape-pour-rendre-son-parc-de-grues-plus-durable\/"},"author":{"name":"Lara Kasbergen","@id":"https:\/\/www.spieringscranes.com\/fr\/#\/schema\/person\/ab63f28c07cc6e107d9a9250acf62114"},"headline":"Kuiphuis Crane Rental franchit une nouvelle \u00e9tape pour rendre son parc de grues plus durable","datePublished":"2024-10-30T10:13:03+00:00","dateModified":"2026-04-07T12:28:19+00:00","mainEntityOfPage":{"@id":"https:\/\/www.spieringscranes.com\/fr\/news\/kuiphuis-crane-rental-franchit-une-nouvelle-etape-pour-rendre-son-parc-de-grues-plus-durable\/"},"wordCount":15,"image":{"@id":"https:\/\/www.spieringscranes.com\/fr\/news\/kuiphuis-crane-rental-franchit-une-nouvelle-etape-pour-rendre-son-parc-de-grues-plus-durable\/#primaryimage"},"thumbnailUrl":"https:\/\/www.spieringscranes.com\/wp-content\/uploads\/kuiphuis-spierings.jpg","articleSection":["Non cat\u00e9goris\u00e9"],"inLanguage":"fr-FR"},{"@type":"WebPage","@id":"https:\/\/www.spieringscranes.com\/fr\/news\/kuiphuis-crane-rental-franchit-une-nouvelle-etape-pour-rendre-son-parc-de-grues-plus-durable\/","url":"https:\/\/www.spieringscranes.com\/fr\/news\/kuiphuis-crane-rental-franchit-une-nouvelle-etape-pour-rendre-son-parc-de-grues-plus-durable\/","name":"Kuiphuis Crane Rental franchit une nouvelle \u00e9tape pour rendre son parc de grues plus durable - Spierings Mobile Cranes","isPartOf":{"@id":"https:\/\/www.spieringscranes.com\/fr\/#website"},"primaryImageOfPage":{"@id":"https:\/\/www.spieringscranes.com\/fr\/news\/kuiphuis-crane-rental-franchit-une-nouvelle-etape-pour-rendre-son-parc-de-grues-plus-durable\/#primaryimage"},"image":{"@id":"https:\/\/www.spieringscranes.com\/fr\/news\/kuiphuis-crane-rental-franchit-une-nouvelle-etape-pour-rendre-son-parc-de-grues-plus-durable\/#primaryimage"},"thumbnailUrl":"https:\/\/www.spieringscranes.com\/wp-content\/uploads\/kuiphuis-spierings.jpg","datePublished":"2024-10-30T10:13:03+00:00","dateModified":"2026-04-07T12:28:19+00:00","author":{"@id":"https:\/\/www.spieringscranes.com\/fr\/#\/schema\/person\/ab63f28c07cc6e107d9a9250acf62114"},"description":"Kuiphuis Crane Rental franchit une nouvelle \u00e9tape vers un parc de grues plus durable avec la livraison de sa troisi\u00e8me SK2400-R eLift.","breadcrumb":{"@id":"https:\/\/www.spieringscranes.com\/fr\/news\/kuiphuis-crane-rental-franchit-une-nouvelle-etape-pour-rendre-son-parc-de-grues-plus-durable\/#breadcrumb"},"inLanguage":"fr-FR","potentialAction":[{"@type":"ReadAction","target":["https:\/\/www.spieringscranes.com\/fr\/news\/kuiphuis-crane-rental-franchit-une-nouvelle-etape-pour-rendre-son-parc-de-grues-plus-durable\/"]}]},{"@type":"ImageObject","inLanguage":"fr-FR","@id":"https:\/\/www.spieringscranes.com\/fr\/news\/kuiphuis-crane-rental-franchit-une-nouvelle-etape-pour-rendre-son-parc-de-grues-plus-durable\/#primaryimage","url":"https:\/\/www.spieringscranes.com\/wp-content\/uploads\/kuiphuis-spierings.jpg","contentUrl":"https:\/\/www.spieringscranes.com\/wp-content\/uploads\/kuiphuis-spierings.jpg","width":1024,"height":878,"caption":"Kuiphuis Crane Rental franchit une nouvelle \u00e9tape pour rendre son parc de grues plus durable"},{"@type":"BreadcrumbList","@id":"https:\/\/www.spieringscranes.com\/fr\/news\/kuiphuis-crane-rental-franchit-une-nouvelle-etape-pour-rendre-son-parc-de-grues-plus-durable\/#breadcrumb","itemListElement":[{"@type":"ListItem","position":1,"name":"Home","item":"https:\/\/www.spieringscranes.com\/fr\/"},{"@type":"ListItem","position":2,"name":"Kuiphuis Crane Rental franchit une nouvelle \u00e9tape pour rendre son parc de grues plus durable"}]},{"@type":"WebSite","@id":"https:\/\/www.spieringscranes.com\/fr\/#website","url":"https:\/\/www.spieringscranes.com\/fr\/","name":"Spierings Mobile Cranes","description":"Lift to the Max.","inLanguage":"fr-FR"},{"@type":"Person","@id":"https:\/\/www.spieringscranes.com\/fr\/#\/schema\/person\/ab63f28c07cc6e107d9a9250acf62114","name":"Lara Kasbergen"}]}},"_links":{"self":[{"href":"https:\/\/www.spieringscranes.com\/fr\/wp-json\/wp\/v2\/posts\/8770","targetHints":{"allow":["GET"]}}],"collection":[{"href":"https:\/\/www.spieringscranes.com\/fr\/wp-json\/wp\/v2\/posts"}],"about":[{"href":"https:\/\/www.spieringscranes.com\/fr\/wp-json\/wp\/v2\/types\/post"}],"author":[{"embeddable":true,"href":"https:\/\/www.spieringscranes.com\/fr\/wp-json\/wp\/v2\/users\/6"}],"replies":[{"embeddable":true,"href":"https:\/\/www.spieringscranes.com\/fr\/wp-json\/wp\/v2\/comments?post=8770"}],"version-history":[{"count":3,"href":"https:\/\/www.spieringscranes.com\/fr\/wp-json\/wp\/v2\/posts\/8770\/revisions"}],"predecessor-version":[{"id":11252,"href":"https:\/\/www.spieringscranes.com\/fr\/wp-json\/wp\/v2\/posts\/8770\/revisions\/11252"}],"wp:featuredmedia":[{"embeddable":true,"href":"https:\/\/www.spieringscranes.com\/fr\/wp-json\/wp\/v2\/media\/6337"}],"wp:attachment":[{"href":"https:\/\/www.spieringscranes.com\/fr\/wp-json\/wp\/v2\/media?parent=8770"}],"wp:term":[{"taxonomy":"category","embeddable":true,"href":"https:\/\/www.spieringscranes.com\/fr\/wp-json\/wp\/v2\/categories?post=8770"},{"taxonomy":"custom_tags","embeddable":true,"href":"https:\/\/www.spieringscranes.com\/fr\/wp-json\/wp\/v2\/custom_tags?post=8770"}],"curies":[{"name":"wp","href":"https:\/\/api.w.org\/{rel}","templated":true}]}}