{"id":8776,"date":"2024-06-19T11:51:48","date_gmt":"2024-06-19T09:51:48","guid":{"rendered":"https:\/\/www.spieringscranes.com\/?p=8776"},"modified":"2026-04-07T14:28:45","modified_gmt":"2026-04-07T12:28:45","slug":"sarens-etend-sa-flotte-de-spierings-elift-a-huit-unites","status":"publish","type":"post","link":"https:\/\/www.spieringscranes.com\/fr\/news\/sarens-etend-sa-flotte-de-spierings-elift-a-huit-unites\/","title":{"rendered":"Sarens \u00e9tend sa flotte de Spierings eLift \u00e0 huit unit\u00e9s"},"content":{"rendered":"","protected":false},"excerpt":{"rendered":"","protected":false},"author":6,"featured_media":6417,"comment_status":"closed","ping_status":"open","sticky":false,"template":"","format":"standard","meta":{"_acf_changed":false,"inline_featured_image":false,"footnotes":""},"categories":[51],"custom_tags":[110],"class_list":["post-8776","post","type-post","status-publish","format-standard","has-post-thumbnail","hentry","category-non-categorise","custom_tags-nieuws"],"acf":[],"yoast_head":"<title>Sarens \u00e9tend sa flotte de Spierings eLift \u00e0 huit unit\u00e9s - Spierings Mobile Cranes<\/title>\n<meta name=\"description\" content=\"Sarens \u00e9tend sa flotte Spierings eLift \u00e0 huit unit\u00e9s avec deux nouvelles grues mobiles \u00e0 tour sur batterie pour un levage plus durable.\" \/>\n<meta name=\"robots\" content=\"index, follow, max-snippet:-1, max-image-preview:large, max-video-preview:-1\" \/>\n<link rel=\"canonical\" href=\"https:\/\/www.spieringscranes.com\/fr\/news\/sarens-etend-sa-flotte-de-spierings-elift-a-huit-unites\/\" \/>\n<meta property=\"og:locale\" content=\"fr_FR\" \/>\n<meta property=\"og:type\" content=\"article\" \/>\n<meta property=\"og:title\" content=\"Sarens \u00e9tend sa flotte de Spierings eLift \u00e0 huit unit\u00e9s - Spierings Mobile Cranes\" \/>\n<meta property=\"og:description\" content=\"Sarens \u00e9tend sa flotte Spierings eLift \u00e0 huit unit\u00e9s avec deux nouvelles grues mobiles \u00e0 tour sur batterie pour un levage plus durable.\" \/>\n<meta property=\"og:url\" content=\"https:\/\/www.spieringscranes.com\/fr\/news\/sarens-etend-sa-flotte-de-spierings-elift-a-huit-unites\/\" \/>\n<meta property=\"og:site_name\" content=\"Spierings Mobile Cranes\" \/>\n<meta property=\"article:published_time\" content=\"2024-06-19T09:51:48+00:00\" \/>\n<meta property=\"article:modified_time\" content=\"2026-04-07T12:28:45+00:00\" \/>\n<meta property=\"og:image\" content=\"https:\/\/www.spieringscranes.com\/wp-content\/uploads\/Sarens-Spierings.jpg\" \/>\n\t<meta property=\"og:image:width\" content=\"2000\" \/>\n\t<meta property=\"og:image:height\" content=\"1266\" \/>\n\t<meta property=\"og:image:type\" content=\"image\/jpeg\" \/>\n<meta name=\"author\" content=\"Lara Kasbergen\" \/>\n<meta name=\"twitter:card\" content=\"summary_large_image\" \/>\n<meta name=\"twitter:label1\" content=\"\u00c9crit par\" \/>\n\t<meta name=\"twitter:data1\" content=\"Lara Kasbergen\" \/>\n\t<meta name=\"twitter:label2\" content=\"Dur\u00e9e de lecture estim\u00e9e\" \/>\n\t<meta name=\"twitter:data2\" content=\"3 minutes\" \/>\n<script type=\"application\/ld+json\" class=\"yoast-schema-graph\">{\"@context\":\"https:\/\/schema.org\",\"@graph\":[{\"@type\":\"Article\",\"@id\":\"https:\/\/www.spieringscranes.com\/fr\/news\/sarens-etend-sa-flotte-de-spierings-elift-a-huit-unites\/#article\",\"isPartOf\":{\"@id\":\"https:\/\/www.spieringscranes.com\/fr\/news\/sarens-etend-sa-flotte-de-spierings-elift-a-huit-unites\/\"},\"author\":{\"name\":\"Lara Kasbergen\",\"@id\":\"https:\/\/www.spieringscranes.com\/fr\/#\/schema\/person\/ab63f28c07cc6e107d9a9250acf62114\"},\"headline\":\"Sarens \u00e9tend sa flotte de Spierings eLift \u00e0 huit unit\u00e9s\",\"datePublished\":\"2024-06-19T09:51:48+00:00\",\"dateModified\":\"2026-04-07T12:28:45+00:00\",\"mainEntityOfPage\":{\"@id\":\"https:\/\/www.spieringscranes.com\/fr\/news\/sarens-etend-sa-flotte-de-spierings-elift-a-huit-unites\/\"},\"wordCount\":10,\"image\":{\"@id\":\"https:\/\/www.spieringscranes.com\/fr\/news\/sarens-etend-sa-flotte-de-spierings-elift-a-huit-unites\/#primaryimage\"},\"thumbnailUrl\":\"https:\/\/www.spieringscranes.com\/wp-content\/uploads\/Sarens-Spierings.jpg\",\"articleSection\":[\"Non cat\u00e9goris\u00e9\"],\"inLanguage\":\"fr-FR\"},{\"@type\":\"WebPage\",\"@id\":\"https:\/\/www.spieringscranes.com\/fr\/news\/sarens-etend-sa-flotte-de-spierings-elift-a-huit-unites\/\",\"url\":\"https:\/\/www.spieringscranes.com\/fr\/news\/sarens-etend-sa-flotte-de-spierings-elift-a-huit-unites\/\",\"name\":\"Sarens \u00e9tend sa flotte de Spierings eLift \u00e0 huit unit\u00e9s - Spierings Mobile Cranes\",\"isPartOf\":{\"@id\":\"https:\/\/www.spieringscranes.com\/fr\/#website\"},\"primaryImageOfPage\":{\"@id\":\"https:\/\/www.spieringscranes.com\/fr\/news\/sarens-etend-sa-flotte-de-spierings-elift-a-huit-unites\/#primaryimage\"},\"image\":{\"@id\":\"https:\/\/www.spieringscranes.com\/fr\/news\/sarens-etend-sa-flotte-de-spierings-elift-a-huit-unites\/#primaryimage\"},\"thumbnailUrl\":\"https:\/\/www.spieringscranes.com\/wp-content\/uploads\/Sarens-Spierings.jpg\",\"datePublished\":\"2024-06-19T09:51:48+00:00\",\"dateModified\":\"2026-04-07T12:28:45+00:00\",\"author\":{\"@id\":\"https:\/\/www.spieringscranes.com\/fr\/#\/schema\/person\/ab63f28c07cc6e107d9a9250acf62114\"},\"description\":\"Sarens \u00e9tend sa flotte Spierings eLift \u00e0 huit unit\u00e9s avec deux nouvelles grues mobiles \u00e0 tour sur batterie pour un levage plus durable.\",\"breadcrumb\":{\"@id\":\"https:\/\/www.spieringscranes.com\/fr\/news\/sarens-etend-sa-flotte-de-spierings-elift-a-huit-unites\/#breadcrumb\"},\"inLanguage\":\"fr-FR\",\"potentialAction\":[{\"@type\":\"ReadAction\",\"target\":[\"https:\/\/www.spieringscranes.com\/fr\/news\/sarens-etend-sa-flotte-de-spierings-elift-a-huit-unites\/\"]}]},{\"@type\":\"ImageObject\",\"inLanguage\":\"fr-FR\",\"@id\":\"https:\/\/www.spieringscranes.com\/fr\/news\/sarens-etend-sa-flotte-de-spierings-elift-a-huit-unites\/#primaryimage\",\"url\":\"https:\/\/www.spieringscranes.com\/wp-content\/uploads\/Sarens-Spierings.jpg\",\"contentUrl\":\"https:\/\/www.spieringscranes.com\/wp-content\/uploads\/Sarens-Spierings.jpg\",\"width\":2000,\"height\":1266,\"caption\":\"Sarens expands its Spierings eLift fleet to 8 units\"},{\"@type\":\"BreadcrumbList\",\"@id\":\"https:\/\/www.spieringscranes.com\/fr\/news\/sarens-etend-sa-flotte-de-spierings-elift-a-huit-unites\/#breadcrumb\",\"itemListElement\":[{\"@type\":\"ListItem\",\"position\":1,\"name\":\"Home\",\"item\":\"https:\/\/www.spieringscranes.com\/fr\/\"},{\"@type\":\"ListItem\",\"position\":2,\"name\":\"Sarens \u00e9tend sa flotte de Spierings eLift \u00e0 huit unit\u00e9s\"}]},{\"@type\":\"WebSite\",\"@id\":\"https:\/\/www.spieringscranes.com\/fr\/#website\",\"url\":\"https:\/\/www.spieringscranes.com\/fr\/\",\"name\":\"Spierings Mobile Cranes\",\"description\":\"Lift to the Max.\",\"inLanguage\":\"fr-FR\"},{\"@type\":\"Person\",\"@id\":\"https:\/\/www.spieringscranes.com\/fr\/#\/schema\/person\/ab63f28c07cc6e107d9a9250acf62114\",\"name\":\"Lara Kasbergen\"}]}<\/script>","yoast_head_json":{"title":"Sarens \u00e9tend sa flotte de Spierings eLift \u00e0 huit unit\u00e9s - Spierings Mobile Cranes","description":"Sarens \u00e9tend sa flotte Spierings eLift \u00e0 huit unit\u00e9s avec deux nouvelles grues mobiles \u00e0 tour sur batterie pour un levage plus durable.","robots":{"index":"index","follow":"follow","max-snippet":"max-snippet:-1","max-image-preview":"max-image-preview:large","max-video-preview":"max-video-preview:-1"},"canonical":"https:\/\/www.spieringscranes.com\/fr\/news\/sarens-etend-sa-flotte-de-spierings-elift-a-huit-unites\/","og_locale":"fr_FR","og_type":"article","og_title":"Sarens \u00e9tend sa flotte de Spierings eLift \u00e0 huit unit\u00e9s - Spierings Mobile Cranes","og_description":"Sarens \u00e9tend sa flotte Spierings eLift \u00e0 huit unit\u00e9s avec deux nouvelles grues mobiles \u00e0 tour sur batterie pour un levage plus durable.","og_url":"https:\/\/www.spieringscranes.com\/fr\/news\/sarens-etend-sa-flotte-de-spierings-elift-a-huit-unites\/","og_site_name":"Spierings Mobile Cranes","article_published_time":"2024-06-19T09:51:48+00:00","article_modified_time":"2026-04-07T12:28:45+00:00","og_image":[{"width":2000,"height":1266,"url":"https:\/\/www.spieringscranes.com\/wp-content\/uploads\/Sarens-Spierings.jpg","type":"image\/jpeg"}],"author":"Lara Kasbergen","twitter_card":"summary_large_image","twitter_misc":{"\u00c9crit par":"Lara Kasbergen","Dur\u00e9e de lecture estim\u00e9e":"3 minutes"},"schema":{"@context":"https:\/\/schema.org","@graph":[{"@type":"Article","@id":"https:\/\/www.spieringscranes.com\/fr\/news\/sarens-etend-sa-flotte-de-spierings-elift-a-huit-unites\/#article","isPartOf":{"@id":"https:\/\/www.spieringscranes.com\/fr\/news\/sarens-etend-sa-flotte-de-spierings-elift-a-huit-unites\/"},"author":{"name":"Lara Kasbergen","@id":"https:\/\/www.spieringscranes.com\/fr\/#\/schema\/person\/ab63f28c07cc6e107d9a9250acf62114"},"headline":"Sarens \u00e9tend sa flotte de Spierings eLift \u00e0 huit unit\u00e9s","datePublished":"2024-06-19T09:51:48+00:00","dateModified":"2026-04-07T12:28:45+00:00","mainEntityOfPage":{"@id":"https:\/\/www.spieringscranes.com\/fr\/news\/sarens-etend-sa-flotte-de-spierings-elift-a-huit-unites\/"},"wordCount":10,"image":{"@id":"https:\/\/www.spieringscranes.com\/fr\/news\/sarens-etend-sa-flotte-de-spierings-elift-a-huit-unites\/#primaryimage"},"thumbnailUrl":"https:\/\/www.spieringscranes.com\/wp-content\/uploads\/Sarens-Spierings.jpg","articleSection":["Non cat\u00e9goris\u00e9"],"inLanguage":"fr-FR"},{"@type":"WebPage","@id":"https:\/\/www.spieringscranes.com\/fr\/news\/sarens-etend-sa-flotte-de-spierings-elift-a-huit-unites\/","url":"https:\/\/www.spieringscranes.com\/fr\/news\/sarens-etend-sa-flotte-de-spierings-elift-a-huit-unites\/","name":"Sarens \u00e9tend sa flotte de Spierings eLift \u00e0 huit unit\u00e9s - Spierings Mobile Cranes","isPartOf":{"@id":"https:\/\/www.spieringscranes.com\/fr\/#website"},"primaryImageOfPage":{"@id":"https:\/\/www.spieringscranes.com\/fr\/news\/sarens-etend-sa-flotte-de-spierings-elift-a-huit-unites\/#primaryimage"},"image":{"@id":"https:\/\/www.spieringscranes.com\/fr\/news\/sarens-etend-sa-flotte-de-spierings-elift-a-huit-unites\/#primaryimage"},"thumbnailUrl":"https:\/\/www.spieringscranes.com\/wp-content\/uploads\/Sarens-Spierings.jpg","datePublished":"2024-06-19T09:51:48+00:00","dateModified":"2026-04-07T12:28:45+00:00","author":{"@id":"https:\/\/www.spieringscranes.com\/fr\/#\/schema\/person\/ab63f28c07cc6e107d9a9250acf62114"},"description":"Sarens \u00e9tend sa flotte Spierings eLift \u00e0 huit unit\u00e9s avec deux nouvelles grues mobiles \u00e0 tour sur batterie pour un levage plus durable.","breadcrumb":{"@id":"https:\/\/www.spieringscranes.com\/fr\/news\/sarens-etend-sa-flotte-de-spierings-elift-a-huit-unites\/#breadcrumb"},"inLanguage":"fr-FR","potentialAction":[{"@type":"ReadAction","target":["https:\/\/www.spieringscranes.com\/fr\/news\/sarens-etend-sa-flotte-de-spierings-elift-a-huit-unites\/"]}]},{"@type":"ImageObject","inLanguage":"fr-FR","@id":"https:\/\/www.spieringscranes.com\/fr\/news\/sarens-etend-sa-flotte-de-spierings-elift-a-huit-unites\/#primaryimage","url":"https:\/\/www.spieringscranes.com\/wp-content\/uploads\/Sarens-Spierings.jpg","contentUrl":"https:\/\/www.spieringscranes.com\/wp-content\/uploads\/Sarens-Spierings.jpg","width":2000,"height":1266,"caption":"Sarens expands its Spierings eLift fleet to 8 units"},{"@type":"BreadcrumbList","@id":"https:\/\/www.spieringscranes.com\/fr\/news\/sarens-etend-sa-flotte-de-spierings-elift-a-huit-unites\/#breadcrumb","itemListElement":[{"@type":"ListItem","position":1,"name":"Home","item":"https:\/\/www.spieringscranes.com\/fr\/"},{"@type":"ListItem","position":2,"name":"Sarens \u00e9tend sa flotte de Spierings eLift \u00e0 huit unit\u00e9s"}]},{"@type":"WebSite","@id":"https:\/\/www.spieringscranes.com\/fr\/#website","url":"https:\/\/www.spieringscranes.com\/fr\/","name":"Spierings Mobile Cranes","description":"Lift to the Max.","inLanguage":"fr-FR"},{"@type":"Person","@id":"https:\/\/www.spieringscranes.com\/fr\/#\/schema\/person\/ab63f28c07cc6e107d9a9250acf62114","name":"Lara Kasbergen"}]}},"_links":{"self":[{"href":"https:\/\/www.spieringscranes.com\/fr\/wp-json\/wp\/v2\/posts\/8776","targetHints":{"allow":["GET"]}}],"collection":[{"href":"https:\/\/www.spieringscranes.com\/fr\/wp-json\/wp\/v2\/posts"}],"about":[{"href":"https:\/\/www.spieringscranes.com\/fr\/wp-json\/wp\/v2\/types\/post"}],"author":[{"embeddable":true,"href":"https:\/\/www.spieringscranes.com\/fr\/wp-json\/wp\/v2\/users\/6"}],"replies":[{"embeddable":true,"href":"https:\/\/www.spieringscranes.com\/fr\/wp-json\/wp\/v2\/comments?post=8776"}],"version-history":[{"count":2,"href":"https:\/\/www.spieringscranes.com\/fr\/wp-json\/wp\/v2\/posts\/8776\/revisions"}],"predecessor-version":[{"id":11245,"href":"https:\/\/www.spieringscranes.com\/fr\/wp-json\/wp\/v2\/posts\/8776\/revisions\/11245"}],"wp:featuredmedia":[{"embeddable":true,"href":"https:\/\/www.spieringscranes.com\/fr\/wp-json\/wp\/v2\/media\/6417"}],"wp:attachment":[{"href":"https:\/\/www.spieringscranes.com\/fr\/wp-json\/wp\/v2\/media?parent=8776"}],"wp:term":[{"taxonomy":"category","embeddable":true,"href":"https:\/\/www.spieringscranes.com\/fr\/wp-json\/wp\/v2\/categories?post=8776"},{"taxonomy":"custom_tags","embeddable":true,"href":"https:\/\/www.spieringscranes.com\/fr\/wp-json\/wp\/v2\/custom_tags?post=8776"}],"curies":[{"name":"wp","href":"https:\/\/api.w.org\/{rel}","templated":true}]}}